{"id":943,"date":"2024-10-25T19:12:26","date_gmt":"2024-10-25T19:12:26","guid":{"rendered":"https:\/\/themerange.net\/wp\/conat\/?p=943"},"modified":"2025-01-19T09:26:26","modified_gmt":"2025-01-19T09:26:26","slug":"international-conference-on-art-business-2","status":"publish","type":"post","link":"https:\/\/mundijalprijateljstva-ulcinj.me\/sq\/2024\/10\/25\/international-conference-on-art-business-2\/","title":{"rendered":"MUNDIALI I TRET\u00cb T\u00cb MIQ\u00cbSIS\u00cb KA P\u00cbRFUNDUR: Ulqini s\u00ebrish bashkoi legjendat e sportit - Mundiali i Miq\u00ebsis\u00eb - Ulqin."},"content":{"rendered":"<div data-elementor-type=\"wp-post\" data-elementor-id=\"943\" class=\"elementor elementor-943\">\n\t\t\t\t<div class=\"elementor-element elementor-element-79f02dc e-flex e-con-boxed wpr-particle-no wpr-jarallax-no wpr-parallax-no wpr-sticky-section-no e-con e-parent\" data-id=\"79f02dc\" data-element_type=\"container\">\n\t\t\t\t\t<div class=\"e-con-inner\">\n\t\t\t\t<div class=\"elementor-element elementor-element-f843627 elementor-widget elementor-widget-text-editor\" data-id=\"f843627\" data-element_type=\"widget\" data-widget_type=\"text-editor.default\">\n\t\t\t\t<div class=\"elementor-widget-container\">\n\t\t\t\t\t\t\t<p>Sa sa do thoshte, njer\u00ebzit do ta ken\u00eb t\u00eb v\u00ebshtir\u00eb t\u00eb besojn\u00eb se \u00e7far\u00eb ka ndodhur n\u00eb Ulqin. Thjesht duhet ta p\u00ebrjetosh,\" thot\u00eb...\u00a0<strong>Mirko Puzovi\u0107,\u00a0<\/strong>\u00a0Boxer i njohur nga Kragujevci, fitues i gjasht\u00eb medaljeve n\u00eb garat m\u00eb t\u00eb m\u00ebdha<\/p>\t\t\t\t\t\t<\/div>\n\t\t\t\t<\/div>\n\t\t\t\t\t<\/div>\n\t\t\t\t<\/div>\n\t\t<div class=\"elementor-element elementor-element-d1b1332 e-flex e-con-boxed wpr-particle-no wpr-jarallax-no wpr-parallax-no wpr-sticky-section-no e-con e-parent\" data-id=\"d1b1332\" data-element_type=\"container\">\n\t\t\t\t\t<div class=\"e-con-inner\">\n\t\t\t\t<div class=\"elementor-element elementor-element-2d21a54 elementor-widget elementor-widget-image\" data-id=\"2d21a54\" data-element_type=\"widget\" data-widget_type=\"image.default\">\n\t\t\t\t<div class=\"elementor-widget-container\">\n\t\t\t\t\t\t\t\t\t\t\t\t\t<img fetchpriority=\"high\" decoding=\"async\" width=\"525\" height=\"349\" src=\"https:\/\/mundijalprijateljstva-ulcinj.me\/wp-content\/uploads\/2024\/12\/untitled-0377-1024x681.jpg\" class=\"attachment-large size-large wp-image-2333\" alt=\"\" srcset=\"https:\/\/mundijalprijateljstva-ulcinj.me\/wp-content\/uploads\/2024\/12\/untitled-0377-1024x681.jpg 1024w, https:\/\/mundijalprijateljstva-ulcinj.me\/wp-content\/uploads\/2024\/12\/untitled-0377-300x200.jpg 300w, https:\/\/mundijalprijateljstva-ulcinj.me\/wp-content\/uploads\/2024\/12\/untitled-0377-768x511.jpg 768w, https:\/\/mundijalprijateljstva-ulcinj.me\/wp-content\/uploads\/2024\/12\/untitled-0377-18x12.jpg 18w, https:\/\/mundijalprijateljstva-ulcinj.me\/wp-content\/uploads\/2024\/12\/untitled-0377.jpg 1082w\" sizes=\"(max-width: 525px) 100vw, 525px\" \/>\t\t\t\t\t\t\t\t\t\t\t\t\t<\/div>\n\t\t\t\t<\/div>\n\t\t\t\t\t<\/div>\n\t\t\t\t<\/div>\n\t\t<div class=\"elementor-element elementor-element-8a9d9ca e-flex e-con-boxed wpr-particle-no wpr-jarallax-no wpr-parallax-no wpr-sticky-section-no e-con e-parent\" data-id=\"8a9d9ca\" data-element_type=\"container\">\n\t\t\t\t\t<div class=\"e-con-inner\">\n\t\t\t\t<div class=\"elementor-element elementor-element-e1745fa elementor-widget elementor-widget-text-editor\" data-id=\"e1745fa\" data-element_type=\"widget\" data-widget_type=\"text-editor.default\">\n\t\t\t\t<div class=\"elementor-widget-container\">\n\t\t\t\t\t\t\t<p>P\u00ebr her\u00eb t\u00eb par\u00eb n\u00eb k\u00ebt\u00eb manifestim ishte futbollisti i njohur dhe selektori i par\u00eb i ekipit komb\u00ebtar t\u00eb futbollit t\u00eb Malit t\u00eb Zi.\u00a0<strong>Zoran Filipovi\u0107<\/strong>Kjo \u00ebsht\u00eb fenomenale. Takohesh me t\u00eb gjith\u00eb sportist\u00ebt, me shok\u00ebt e jet\u00ebs. Sepse, sporti \u00ebsht\u00eb nj\u00eb gj\u00eb q\u00eb bashkon dhe ajo miq\u00ebsi dhe shoq\u00ebri nuk harrohet kurr\u00eb dhe ruhet.<\/p>\t\t\t\t\t\t<\/div>\n\t\t\t\t<\/div>\n\t\t\t\t\t<\/div>\n\t\t\t\t<\/div>\n\t\t<div class=\"elementor-element elementor-element-35c94dd e-flex e-con-boxed wpr-particle-no wpr-jarallax-no wpr-parallax-no wpr-sticky-section-no e-con e-parent\" data-id=\"35c94dd\" data-element_type=\"container\">\n\t\t\t\t\t<div class=\"e-con-inner\">\n\t\t\t\t<div class=\"elementor-element elementor-element-16ede92 elementor-widget elementor-widget-image\" data-id=\"16ede92\" data-element_type=\"widget\" data-widget_type=\"image.default\">\n\t\t\t\t<div class=\"elementor-widget-container\">\n\t\t\t\t\t\t\t\t\t\t\t\t\t<img decoding=\"async\" width=\"525\" height=\"349\" src=\"https:\/\/mundijalprijateljstva-ulcinj.me\/wp-content\/uploads\/2024\/12\/untitled-624487-1024x681.jpg\" class=\"attachment-large size-large wp-image-2341\" alt=\"\" srcset=\"https:\/\/mundijalprijateljstva-ulcinj.me\/wp-content\/uploads\/2024\/12\/untitled-624487-1024x681.jpg 1024w, https:\/\/mundijalprijateljstva-ulcinj.me\/wp-content\/uploads\/2024\/12\/untitled-624487-300x200.jpg 300w, https:\/\/mundijalprijateljstva-ulcinj.me\/wp-content\/uploads\/2024\/12\/untitled-624487-768x511.jpg 768w, https:\/\/mundijalprijateljstva-ulcinj.me\/wp-content\/uploads\/2024\/12\/untitled-624487-18x12.jpg 18w, https:\/\/mundijalprijateljstva-ulcinj.me\/wp-content\/uploads\/2024\/12\/untitled-624487.jpg 1082w\" sizes=\"(max-width: 525px) 100vw, 525px\" \/>\t\t\t\t\t\t\t\t\t\t\t\t\t<\/div>\n\t\t\t\t<\/div>\n\t\t\t\t\t<\/div>\n\t\t\t\t<\/div>\n\t\t<div class=\"elementor-element elementor-element-6114cb6 e-flex e-con-boxed wpr-particle-no wpr-jarallax-no wpr-parallax-no wpr-sticky-section-no e-con e-parent\" data-id=\"6114cb6\" data-element_type=\"container\">\n\t\t\t\t\t<div class=\"e-con-inner\">\n\t\t\t\t<div class=\"elementor-element elementor-element-6cbcc50 elementor-widget elementor-widget-text-editor\" data-id=\"6cbcc50\" data-element_type=\"widget\" data-widget_type=\"text-editor.default\">\n\t\t\t\t<div class=\"elementor-widget-container\">\n\t\t\t\t\t\t\t<p>Dy vitet e para n\u00eb qend\u00ebr t\u00eb v\u00ebmendjes ishin futbollist\u00ebt, nd\u00ebrsa k\u00ebt\u00eb vit n\u00eb fokus ishin vaterpolist\u00ebt e njohur jugosllav\u00eb\u00a0<em>bajra\u010dili<\/em>\u00a0proslavljeni jugoslovenski vaterpolisti.<\/p><p>Shum\u00eb kampion\u00eb jan\u00eb k\u00ebtu.<strong>Dragan Andri\u0107<\/strong>,<strong>\u00a0Mirko Vi\u010devi\u0107<\/strong>,<strong>\u00a0Veselin \u0110uho<\/strong>,\u00a0<strong>Deni Lu\u0161i\u0107<\/strong>,\u00a0<strong>Andrija Popovi\u0107<\/strong>,\u00a0<strong>Goran Sukno<\/strong>,<strong>\u00a0Bo\u017eo Vuleti\u0107<\/strong>,<strong>\u00a0Zoran Mustur<\/strong>,<strong>\u00a0Veljko Uskokovi\u0107<\/strong>,<strong>\u00a0Tomislav Pa\u0161kvalin<\/strong>,\u00a0<strong>Goran Ra\u0111enovi\u0107<\/strong>,\u00a0<strong>Damir Poli\u0107<\/strong>Ka ardhur n\u00eb Ulqin\u00a0<em>trener svih trenera<\/em>,\u00a0<strong>Ratko Rudi\u0107<\/strong>Njeri q\u00eb, p\u00ebrve\u00e7 nj\u00eb karriere t\u00eb shk\u00eblqyer si lojtar, ka fituar medaljet m\u00eb t\u00eb larta me p\u00ebrfaq\u00ebsit\u00eb e ish-Jugosllavis\u00eb, pastaj me Italin\u00eb, Brazilin, SHBA-n\u00eb dhe, n\u00eb fund, me Kroacin\u00eb.<\/p><p>Banor\u00ebt e Ulqinit dhe mysafir\u00ebt e tyre kishin mund\u00ebsin\u00eb t\u00eb shihnin premier\u00ebn malazeze t\u00eb filmit dokumentar.\u00a0<strong>Ka ndodhur \u2013 Ratko Rudi\u0107<\/strong>\u00a0regjisorit dhe producentit nga Zagrebi\u00a0<strong>Dejana<\/strong>\u00a0<strong>A\u0107imovi\u0107a<\/strong>\u00a0rreth k\u00ebtij sportisti t\u00eb njohur jugosllav dhe trajnerit kroat<\/p>\t\t\t\t\t\t<\/div>\n\t\t\t\t<\/div>\n\t\t\t\t\t<\/div>\n\t\t\t\t<\/div>\n\t\t<div class=\"elementor-element elementor-element-02748a2 e-flex e-con-boxed wpr-particle-no wpr-jarallax-no wpr-parallax-no wpr-sticky-section-no e-con e-parent\" data-id=\"02748a2\" data-element_type=\"container\">\n\t\t\t\t\t<div class=\"e-con-inner\">\n\t\t\t\t<div class=\"elementor-element elementor-element-2bea2c6 elementor-widget elementor-widget-image\" data-id=\"2bea2c6\" data-element_type=\"widget\" data-widget_type=\"image.default\">\n\t\t\t\t<div class=\"elementor-widget-container\">\n\t\t\t\t\t\t\t\t\t\t\t\t\t<img decoding=\"async\" width=\"525\" height=\"349\" src=\"https:\/\/mundijalprijateljstva-ulcinj.me\/wp-content\/uploads\/2024\/12\/IMG_4189_TIF-1024x681.jpeg\" class=\"attachment-large size-large wp-image-2314\" alt=\"\" srcset=\"https:\/\/mundijalprijateljstva-ulcinj.me\/wp-content\/uploads\/2024\/12\/IMG_4189_TIF-1024x681.jpeg 1024w, https:\/\/mundijalprijateljstva-ulcinj.me\/wp-content\/uploads\/2024\/12\/IMG_4189_TIF-300x200.jpeg 300w, https:\/\/mundijalprijateljstva-ulcinj.me\/wp-content\/uploads\/2024\/12\/IMG_4189_TIF-768x511.jpeg 768w, https:\/\/mundijalprijateljstva-ulcinj.me\/wp-content\/uploads\/2024\/12\/IMG_4189_TIF-18x12.jpeg 18w, https:\/\/mundijalprijateljstva-ulcinj.me\/wp-content\/uploads\/2024\/12\/IMG_4189_TIF.jpeg 1082w\" sizes=\"(max-width: 525px) 100vw, 525px\" \/>\t\t\t\t\t\t\t\t\t\t\t\t\t<\/div>\n\t\t\t\t<\/div>\n\t\t\t\t\t<\/div>\n\t\t\t\t<\/div>\n\t\t<div class=\"elementor-element elementor-element-ba9dc61 e-flex e-con-boxed wpr-particle-no wpr-jarallax-no wpr-parallax-no wpr-sticky-section-no e-con e-parent\" data-id=\"ba9dc61\" data-element_type=\"container\">\n\t\t\t\t\t<div class=\"e-con-inner\">\n\t\t\t\t<div class=\"elementor-element elementor-element-f93e187 elementor-widget elementor-widget-text-editor\" data-id=\"f93e187\" data-element_type=\"widget\" data-widget_type=\"text-editor.default\">\n\t\t\t\t<div class=\"elementor-widget-container\">\n\t\t\t\t\t\t\t<p>I k\u00ebnaqur me pranimin n\u00eb Ulqin n\u00eb \u00e7do hap, Rudi\u0107 tha se ky festival sporti ka nj\u00eb perspektiv\u00eb t\u00eb madhe. 'Ai mund\u00ebson q\u00eb sporti t\u00eb jetoj\u00eb, t\u00eb realizoj\u00eb funksionin e tij themelor \u2013 kontaktin me shoq\u00ebrin\u00eb,' theksoi ai, duke shtuar se do t\u00eb ndihmoj\u00eb q\u00eb 'kjo manifestim, ndoshta nd\u00ebr m\u00eb t\u00eb mirat n\u00eb bot\u00ebn sportive, t\u00eb vazhdoj\u00eb t\u00eb mbahet.<\/p><p>Kjo ishte q\u00ebllimi i organizator\u00ebve t\u00eb Bot\u00ebrorit kur n\u00eb vitin 2022 filluan aventur\u00ebn \u2013 q\u00eb n\u00eb nj\u00eb qytet t\u00eb vog\u00ebl n\u00eb Adriatik, t\u00eb distancuar nga qendrat e m\u00ebdha, t\u00eb mblidhnin gjigant\u00ebt e sportit dhe t\u00eb inkurajonin t\u00eb rinjt\u00eb t\u00eb angazhohen m\u00eb shum\u00eb n\u00eb sport.<\/p>\t\t\t\t\t\t<\/div>\n\t\t\t\t<\/div>\n\t\t\t\t\t<\/div>\n\t\t\t\t<\/div>\n\t\t<div class=\"elementor-element elementor-element-bf86ec2 e-flex e-con-boxed wpr-particle-no wpr-jarallax-no wpr-parallax-no wpr-sticky-section-no e-con e-parent\" data-id=\"bf86ec2\" data-element_type=\"container\">\n\t\t\t\t\t<div class=\"e-con-inner\">\n\t\t\t\t<div class=\"elementor-element elementor-element-47d4748 elementor-widget elementor-widget-image\" data-id=\"47d4748\" data-element_type=\"widget\" data-widget_type=\"image.default\">\n\t\t\t\t<div class=\"elementor-widget-container\">\n\t\t\t\t\t\t\t\t\t\t\t\t\t<img loading=\"lazy\" decoding=\"async\" width=\"525\" height=\"349\" src=\"https:\/\/mundijalprijateljstva-ulcinj.me\/wp-content\/uploads\/2024\/12\/IMG_4197_TIF-1024x681.jpeg\" class=\"attachment-large size-large wp-image-2322\" alt=\"\" srcset=\"https:\/\/mundijalprijateljstva-ulcinj.me\/wp-content\/uploads\/2024\/12\/IMG_4197_TIF-1024x681.jpeg 1024w, https:\/\/mundijalprijateljstva-ulcinj.me\/wp-content\/uploads\/2024\/12\/IMG_4197_TIF-300x200.jpeg 300w, https:\/\/mundijalprijateljstva-ulcinj.me\/wp-content\/uploads\/2024\/12\/IMG_4197_TIF-768x511.jpeg 768w, https:\/\/mundijalprijateljstva-ulcinj.me\/wp-content\/uploads\/2024\/12\/IMG_4197_TIF-18x12.jpeg 18w, https:\/\/mundijalprijateljstva-ulcinj.me\/wp-content\/uploads\/2024\/12\/IMG_4197_TIF.jpeg 1082w\" sizes=\"(max-width: 525px) 100vw, 525px\" \/>\t\t\t\t\t\t\t\t\t\t\t\t\t<\/div>\n\t\t\t\t<\/div>\n\t\t\t\t\t<\/div>\n\t\t\t\t<\/div>\n\t\t<div class=\"elementor-element elementor-element-64b5ac2 e-flex e-con-boxed wpr-particle-no wpr-jarallax-no wpr-parallax-no wpr-sticky-section-no e-con e-parent\" data-id=\"64b5ac2\" data-element_type=\"container\">\n\t\t\t\t\t<div class=\"e-con-inner\">\n\t\t\t\t<div class=\"elementor-element elementor-element-3939d48 elementor-widget elementor-widget-text-editor\" data-id=\"3939d48\" data-element_type=\"widget\" data-widget_type=\"text-editor.default\">\n\t\t\t\t<div class=\"elementor-widget-container\">\n\t\t\t\t\t\t\t<p>\u00a0<\/p><p>Kjo u k\u00ebtij Bot\u00ebrori u demonstruar p\u00ebrmes shfaqjes s\u00eb filmit p\u00ebr atletin e par\u00eb t\u00eb verb\u00ebr kroat, paraolimpik.\u00a0<strong>Petru Be\u0161li\u0107u<\/strong>n\u00eb panelin e kushtuar paralimpizmit, fol\u00ebn president\u00ebt e komiteteve paralimpike t\u00eb Serbis\u00eb, Kroacis\u00eb, Bosnj\u00ebs dhe Hercegovin\u00ebs, dhe Malit t\u00eb Zi, nd\u00ebrsa ishin t\u00eb pranish\u00ebm nx\u00ebn\u00ebsit e shkollave fillore dhe t\u00eb mesme t\u00eb Ulqinit dhe an\u00ebtar\u00ebt e klubeve sportive.<\/p><p>Q\u00ebllimi yn\u00eb \u00ebsht\u00eb t\u00eb inkurajojm\u00eb t\u00eb rinjt\u00eb t\u00eb merren me sport dhe t\u00eb shohin se \u00e7far\u00eb mund t\u00eb b\u00ebhet p\u00ebrmes sportit, sa mund t\u00eb zbukurohet jeta, ve\u00e7an\u00ebrisht n\u00eb faz\u00ebn e rritjes, formimit t\u00eb personalitetit, \u00e7far\u00eb mund t\u00eb arrij\u00eb edhe nj\u00eb person me aft\u00ebsi t\u00eb kufizuara, sa mund ta forcoj\u00eb sporti,\u2019 thot\u00eb kryeorganizatori i k\u00ebsaj manifestimi.\u00a0<strong>Pavle-Pajo Pep\u0111onovi\u0107<\/strong>.<\/p>\t\t\t\t\t\t<\/div>\n\t\t\t\t<\/div>\n\t\t\t\t\t<\/div>\n\t\t\t\t<\/div>\n\t\t<div class=\"elementor-element elementor-element-fd69cfe e-flex e-con-boxed wpr-particle-no wpr-jarallax-no wpr-parallax-no wpr-sticky-section-no e-con e-parent\" data-id=\"fd69cfe\" data-element_type=\"container\">\n\t\t\t\t\t<div class=\"e-con-inner\">\n\t\t\t\t<div class=\"elementor-element elementor-element-210dd56 elementor-widget elementor-widget-image\" data-id=\"210dd56\" data-element_type=\"widget\" data-widget_type=\"image.default\">\n\t\t\t\t<div class=\"elementor-widget-container\">\n\t\t\t\t\t\t\t\t\t\t\t\t\t<img loading=\"lazy\" decoding=\"async\" width=\"525\" height=\"349\" src=\"https:\/\/mundijalprijateljstva-ulcinj.me\/wp-content\/uploads\/2024\/12\/untitled-0383-1024x681.jpg\" class=\"attachment-large size-large wp-image-2337\" alt=\"\" srcset=\"https:\/\/mundijalprijateljstva-ulcinj.me\/wp-content\/uploads\/2024\/12\/untitled-0383-1024x681.jpg 1024w, https:\/\/mundijalprijateljstva-ulcinj.me\/wp-content\/uploads\/2024\/12\/untitled-0383-300x200.jpg 300w, https:\/\/mundijalprijateljstva-ulcinj.me\/wp-content\/uploads\/2024\/12\/untitled-0383-768x511.jpg 768w, https:\/\/mundijalprijateljstva-ulcinj.me\/wp-content\/uploads\/2024\/12\/untitled-0383-18x12.jpg 18w, https:\/\/mundijalprijateljstva-ulcinj.me\/wp-content\/uploads\/2024\/12\/untitled-0383.jpg 1082w\" sizes=\"(max-width: 525px) 100vw, 525px\" \/>\t\t\t\t\t\t\t\t\t\t\t\t\t<\/div>\n\t\t\t\t<\/div>\n\t\t\t\t\t<\/div>\n\t\t\t\t<\/div>\n\t\t<div class=\"elementor-element elementor-element-479e8cd e-flex e-con-boxed wpr-particle-no wpr-jarallax-no wpr-parallax-no wpr-sticky-section-no e-con e-parent\" data-id=\"479e8cd\" data-element_type=\"container\">\n\t\t\t\t\t<div class=\"e-con-inner\">\n\t\t\t\t<div class=\"elementor-element elementor-element-6704244 elementor-widget elementor-widget-text-editor\" data-id=\"6704244\" data-element_type=\"widget\" data-widget_type=\"text-editor.default\">\n\t\t\t\t<div class=\"elementor-widget-container\">\n\t\t\t\t\t\t\t<p>Ulcinjan\u00ebt p\u00ebrkujtuan p\u00ebr 60-vjetorin\u00a0<strong>Dra\u017eena Petrovi\u0107a<\/strong>Emitojn\u00eb hologramin e paharruesh\u00ebm t\u00eb basketbollistit Mozart, duke i d\u00ebrguar mb\u00ebshtetje zonave t\u00eb p\u00ebrmbytura s\u00eb fundmi n\u00eb Bosnj\u00eb dhe Hercegovin\u00eb.<\/p><p>Moment m\u00eb i bukur i k\u00ebsaj manifestimi ishte mbjellja e ullirit, Drurit t\u00eb Paqes Ballkanas, n\u00eb Pristanin e Ulqinit. \u2018Na e dha k\u00ebt\u00eb ide miku yn\u00eb, poeti dhe humanisti nga Bar\u00a0<strong>Rajko Joli\u010di\u0107<\/strong>i cili natyrisht ishte k\u00ebtu me ne dhe recitoi poezin\u00eb e tij t\u00eb njohur. \u2018N\u00eb nj\u00eb bot\u00eb t\u00eb till\u00eb, pik\u00ebrisht n\u00eb k\u00ebt\u00eb moment, na nevojiten m\u00eb shum\u00eb paqe, miq\u00ebsi dhe dashuri, dhe ne e b\u00ebm\u00eb k\u00ebt\u00eb n\u00eb k\u00ebt\u00eb Bot\u00ebror n\u00eb Ulqin,\u2019 thot\u00eb Pep\u0111onovi\u0107<\/p>\t\t\t\t\t\t<\/div>\n\t\t\t\t<\/div>\n\t\t\t\t\t<\/div>\n\t\t\t\t<\/div>\n\t\t<div class=\"elementor-element elementor-element-05a3740 e-flex e-con-boxed wpr-particle-no wpr-jarallax-no wpr-parallax-no wpr-sticky-section-no e-con e-parent\" data-id=\"05a3740\" data-element_type=\"container\">\n\t\t\t\t\t<div class=\"e-con-inner\">\n\t\t\t\t<div class=\"elementor-element elementor-element-3bb5fc1 elementor-widget elementor-widget-image\" data-id=\"3bb5fc1\" data-element_type=\"widget\" data-widget_type=\"image.default\">\n\t\t\t\t<div class=\"elementor-widget-container\">\n\t\t\t\t\t\t\t\t\t\t\t\t\t<img loading=\"lazy\" decoding=\"async\" width=\"525\" height=\"350\" src=\"https:\/\/mundijalprijateljstva-ulcinj.me\/wp-content\/uploads\/2023\/05\/IMG_46342-1024x683.jpg\" class=\"attachment-large size-large wp-image-2709\" alt=\"\" srcset=\"https:\/\/mundijalprijateljstva-ulcinj.me\/wp-content\/uploads\/2023\/05\/IMG_46342-1024x683.jpg 1024w, https:\/\/mundijalprijateljstva-ulcinj.me\/wp-content\/uploads\/2023\/05\/IMG_46342-300x200.jpg 300w, https:\/\/mundijalprijateljstva-ulcinj.me\/wp-content\/uploads\/2023\/05\/IMG_46342-768x512.jpg 768w, https:\/\/mundijalprijateljstva-ulcinj.me\/wp-content\/uploads\/2023\/05\/IMG_46342-18x12.jpg 18w, https:\/\/mundijalprijateljstva-ulcinj.me\/wp-content\/uploads\/2023\/05\/IMG_46342.jpg 1080w\" sizes=\"(max-width: 525px) 100vw, 525px\" \/>\t\t\t\t\t\t\t\t\t\t\t\t\t<\/div>\n\t\t\t\t<\/div>\n\t\t\t\t\t<\/div>\n\t\t\t\t<\/div>\n\t\t<div class=\"elementor-element elementor-element-760272f e-flex e-con-boxed wpr-particle-no wpr-jarallax-no wpr-parallax-no wpr-sticky-section-no e-con e-parent\" data-id=\"760272f\" data-element_type=\"container\">\n\t\t\t\t\t<div class=\"e-con-inner\">\n\t\t\t\t<div class=\"elementor-element elementor-element-5557bc6 elementor-widget elementor-widget-text-editor\" data-id=\"5557bc6\" data-element_type=\"widget\" data-widget_type=\"text-editor.default\">\n\t\t\t\t<div class=\"elementor-widget-container\">\n\t\t\t\t\t\t\t<p>T\u00eb gjith\u00eb pjes\u00ebmarr\u00ebsit e Bot\u00ebrorit mor\u00ebn p\u00ebrsip\u00ebr obligimin q\u00eb n\u00eb qytetet e tyre t\u00eb mbjellin nj\u00eb pem\u00eb paqeje, p\u00ebr t\u00eb p\u00ebrhapur edhe n\u00eb k\u00ebt\u00eb m\u00ebnyr\u00eb mesazhet e mir\u00eb.<\/p><p>Manifestimi i tret\u00eb \u2018Mundiali i Miq\u00ebsis\u00eb n\u00eb Ulqin\u2019 ishte organizimi m\u00eb i mir\u00eb deri tani, q\u00eb e prezantoi Ulqinin dhe Malin e Zi n\u00eb drit\u00ebn m\u00eb t\u00eb bukur, dhe p\u00ebr t\u00eb cilin raportuan rreth 100 gazetar\u00eb. Ishte sikur t\u00eb ishin Loj\u00ebrat Olimpike. Nga fryma q\u00eb mbizot\u00ebronte k\u00ebto dit\u00eb n\u00eb Ulqin, kjo mund t\u00eb konkludohej leht\u00ebsisht, transmetuan p\u00ebrshtypjet gazetar\u00ebt e mediave rajonale t\u00eb akredituar n\u00eb qytetin m\u00eb t\u00eb vjet\u00ebr n\u00eb bregun e Adriatikut<\/p><p>\u00cbsht\u00eb shfaqur pik\u00ebrisht k\u00ebtu filmi dokumentar \u2018Olimpiada n\u00eb Sarajev\u00eb\u2019 nga gazetar\u00ebt sportiv\u00eb dhe producent\u00ebt\u00a0<strong>Muhameda Biki\u0107a<\/strong>q\u00eb flet p\u00ebr at\u00eb manifestim t\u00eb madh sportiv t\u00eb mbajtur n\u00eb ish-Jugosllavi para kat\u00ebr dekadash<\/p><p>\u00a0<\/p>\t\t\t\t\t\t<\/div>\n\t\t\t\t<\/div>\n\t\t\t\t\t<\/div>\n\t\t\t\t<\/div>\n\t\t<div class=\"elementor-element elementor-element-c981827 e-flex e-con-boxed wpr-particle-no wpr-jarallax-no wpr-parallax-no wpr-sticky-section-no e-con e-parent\" data-id=\"c981827\" data-element_type=\"container\">\n\t\t\t\t\t<div class=\"e-con-inner\">\n\t\t\t\t<div class=\"elementor-element elementor-element-16c1fe2 elementor-widget elementor-widget-image\" data-id=\"16c1fe2\" data-element_type=\"widget\" data-widget_type=\"image.default\">\n\t\t\t\t<div class=\"elementor-widget-container\">\n\t\t\t\t\t\t\t\t\t\t\t\t\t<img loading=\"lazy\" decoding=\"async\" width=\"525\" height=\"349\" src=\"https:\/\/mundijalprijateljstva-ulcinj.me\/wp-content\/uploads\/2023\/05\/IMG_4190_TIF-1024x681.jpeg\" class=\"attachment-large size-large wp-image-2710\" alt=\"\" srcset=\"https:\/\/mundijalprijateljstva-ulcinj.me\/wp-content\/uploads\/2023\/05\/IMG_4190_TIF-1024x681.jpeg 1024w, https:\/\/mundijalprijateljstva-ulcinj.me\/wp-content\/uploads\/2023\/05\/IMG_4190_TIF-300x200.jpeg 300w, https:\/\/mundijalprijateljstva-ulcinj.me\/wp-content\/uploads\/2023\/05\/IMG_4190_TIF-768x511.jpeg 768w, https:\/\/mundijalprijateljstva-ulcinj.me\/wp-content\/uploads\/2023\/05\/IMG_4190_TIF-18x12.jpeg 18w, https:\/\/mundijalprijateljstva-ulcinj.me\/wp-content\/uploads\/2023\/05\/IMG_4190_TIF.jpeg 1082w\" sizes=\"(max-width: 525px) 100vw, 525px\" \/>\t\t\t\t\t\t\t\t\t\t\t\t\t<\/div>\n\t\t\t\t<\/div>\n\t\t\t\t\t<\/div>\n\t\t\t\t<\/div>\n\t\t<div class=\"elementor-element elementor-element-4aa98b6 e-flex e-con-boxed wpr-particle-no wpr-jarallax-no wpr-parallax-no wpr-sticky-section-no e-con e-parent\" data-id=\"4aa98b6\" data-element_type=\"container\">\n\t\t\t\t\t<div class=\"e-con-inner\">\n\t\t\t\t<div class=\"elementor-element elementor-element-d33e349 elementor-widget elementor-widget-text-editor\" data-id=\"d33e349\" data-element_type=\"widget\" data-widget_type=\"text-editor.default\">\n\t\t\t\t<div class=\"elementor-widget-container\">\n\t\t\t\t\t\t\t<p>Si\u00e7 ishin t\u00eb p\u00ebrfshira praktikisht t\u00eb gjitha institucionet n\u00eb BiH n\u00eb organizimin e atij Olimpiade Sarajeva, ashtu \u00ebsht\u00eb p\u00ebrfshir\u00eb e gjith\u00eb qyteti yn\u00eb. Dhe p\u00ebr k\u00ebt\u00eb arsye, kjo do t\u00eb vazhdoj\u00eb dhe do t\u00eb zgjas\u00eb,\u2019 thot\u00eb Pep\u0111onovi\u0107<\/p>\n<p>T\u00eb gjith\u00eb pjes\u00ebmarr\u00ebsit e Mundialit mb\u00ebshtet\u00ebn iden\u00eb q\u00eb p\u00ebr shkak t\u00eb p\u00ebrkushtimit t\u00eb tij t\u00eb palodhur, humanizmit dhe rezultateve t\u00eb arritura, Pep\u0111onovi\u0107 t\u00eb propozohet p\u00ebr \u00e7mimin m\u00eb t\u00eb madh n\u00eb vendin ton\u00eb \u2013 \u00c7mimin Njego\u0161<\/p>\n<p>Sigurisht q\u00eb Pavle, p\u00ebr gjith\u00e7ka q\u00eb ka b\u00ebr\u00eb p\u00ebr Ulqinin dhe t\u00ebr\u00eb Malin e Zi, e meriton at\u00eb \u00e7mim. Sepse ai dhe kjo manifestim na b\u00ebn\u00eb t\u00eb gjith\u00eb ne m\u00eb t\u00eb mir\u00eb se \u00e7'jemi. Prandaj na nevojitet q\u00eb ajo t\u00eb p\u00ebrs\u00ebritet. Dhe bima kalon nga nyja n\u00eb nyj\u00eb dhe p\u00ebrfundon me lulen dhe far\u00ebn,\" thot\u00eb kronisti ulqinas&nbsp;<strong>Ismet Karamanaga<\/strong>.<\/p>\n<p><\/p>\n<h3><strong>Ko ishte tjet\u00ebr n\u00eb Mundialin e Miq\u00ebsis\u00eb n\u00eb Ulqin?<\/strong><\/h3>\n<p><strong>Basketboll<\/strong>:&nbsp;<strong>Ivo Daneu, Sla\u0111ana Goli\u0107, Nikola Ple\u0107a\u0161, Mihovil Naki\u0107, \u017darko Paspalj, Mom\u010dilo Pazman, Samir Avdi\u0107, Janez Drvari\u010d, Bla\u017e Kotarac, Vlade \u0110urovi\u0107, Zoran Slavni\u0107, Stojko Vrankovi\u0107, Nikola Bulatovi\u0107, Bo\u0161ko Radovi\u0107, Goran Ristanovi\u0107, Mihajlo Pavi\u0107evi\u0107, Rajko \u010carapi\u0107, Ranko \u010carapi\u0107, Nenad Suboti\u0107, Predrag Milovi\u0107, Goran Rako\u010devi\u0107, Vladimir Da\u0161i\u0107, Dragan Vuk\u010devi\u0107, Veselin Barovi\u0107, Stevan Milo\u0161evi\u0107, Zoran \u0160utulovi\u0107, Veselin Begovi\u0107, Zoran Ni\u0161avi\u0107, Mi\u0161o Cau\u0161evi\u0107, Budimir Vuki\u0107, \u0110uro Ki\u0107ovi\u0107, Danilo Mitrovi\u0107<\/strong><\/p>\n<p><strong>Handboll<\/strong>:&nbsp;<strong>Veselin Vukovi\u0107, Momir Rni\u0107, Kasim Kamenica, Stevo Niko\u010devi\u0107, Goran \u0110ukanovi\u0107, Mladen Rako\u010devi\u0107, Goran Simi\u0107, Pedja Vujanovi\u0107, Bla\u017eo Popovi\u0107, Vlatko \u0110onovi\u0107, Zoran Radoji\u010di\u0107, Dra\u0161ko Mrvaljevi\u0107, Nazo Demirovi\u0107<\/strong><\/p>\n<p><strong>Atletik\u00eb<\/strong>:&nbsp;<strong>Dane Korica<\/strong><\/p>\n<p><strong>Boks:<\/strong>&nbsp;<strong>Tadija Ka\u010dar, Mirko Puzovi\u0107, Mehmet Bogujevci, Fatmir Makoli, Dragan Vujkovi\u0107, Miodrag Perunovi\u0107, Said \u010colpa, Hamid Guska, Nenad Vukovi\u0107<\/strong><\/p>\n<p><strong>Rvanje<\/strong>:&nbsp;<strong>\u0160aban Trstena<\/strong><\/p>\n<p><strong>Shak<\/strong>:&nbsp;<strong>Bo\u017eidar Ivanovi\u0107<\/strong><\/p>\n<p><strong>Veshtrim<\/strong>:&nbsp;<strong>Milorad Stanulov<\/strong><\/p>\n<p><strong>Futboll<\/strong>:&nbsp;<strong>Slavoljub Muslin, Zoran Filipovi\u0107, Slobodan Marovi\u0107, Jo\u0161ko Jeli\u010di\u0107, Ivica \u0160urjak, Ivan Gudelj, Faruk Had\u017eibegi\u0107, Dejan Savi\u0107evi\u0107, Ljubomir Radanovi\u0107, D\u017eevad Prekazi, Stanislav Karasi, Mato Gavran, Josip \u010cili\u0107, Mirsad Fazlagi\u0107, Fuad Muzurovi\u0107, Mili Had\u017eiabdi\u0107, Bajro \u017dupi\u0107, Zoran Bojovi\u0107, Nikica Cukrov, Ton\u010di Gabri\u0107, Nikola Niki\u0107, Miroslav Tanjga, Milan Radovi\u0107, Miodrag \u017divaljevi\u0107, Radojko Avramovi\u0107, Rade Zalad, Velibor Pudar, Milo\u0161 \u0110elma\u0161, D\u017eevad \u0160e\u0107erbegovi\u0107, Nihad Mujezinovic, Mersed Kova\u010devi\u0107, Anto Drobnjak, Milo\u0161 \u0110urkovi\u0107, Nijaz Ferhatovi\u0107, Mehmed Janjo\u0161, Fuad Mulahasanovi\u0107, Nijaz<\/strong>&nbsp;<strong>Merdanovi\u0107, Kemal Hafizovi\u0107, Nikola Rakojevi\u0107, Vlatko Glava\u0161, Igor Glu\u0161\u010devi\u0107, \u0160emsedin Ajeti, Sokolj Ku\u0161ta, Ramiz Krasni\u0107i, Husein Zmijani, Fahredin Duraku, Ko\u010do Dimitrovski, Dragi Kanatlarovski, Van\u010do Balevski, Dragi Setinov, Jovica Nikoli\u0107, Zijad \u0160vraki\u0107, Rajko Janjanin, Vladimir Joci\u0107, Du\u0161an Pe\u0161i\u0107, Zoran Batrovi\u0107, Dejan Vuki\u0107evi\u0107, \u017deljko Janovi\u0107, Red\u017ea Stoiljkovi\u0107, Zoran Cvetanovi\u0107, Miroslav Tanjga, Miodrag Vukoti\u0107, E\u0161ref Ja\u0161arevi\u0107, Slobodan Halilovi\u0107, Ognjen Koroman, Bogdan Turudija, Dragan Milanovi\u0107, Dragan Vujovi\u0107, Branislav Drobnjak, Igor Burzanovi\u0107, Mi\u0107o Bakra\u010d, Brajan Nenezi\u0107, Branislav \u0110ukanovi\u0107, Vojo Vuk\u010devi\u0107, Vojo Pejovi\u0107, Vladimir Savi\u0107evi\u0107, Viktor Trenevski, Milenko Kikovi\u0107, Milija Brki\u0107, Uglje\u0161a Malba\u0161a, \u017darko Vuk\u010devi\u0107, Miomir Bakra\u010d, Amir Durgutovi\u0107, Mi\u0107o Bakra\u010d, Nijaz Brkovi\u0107, Mitar Novakovi\u0107, Sejo \u010celebi\u0107, Nenad Maslovar, Ante Brati\u0107, Akan Dilberovi\u0107, Denis Kari\u0107, Jasmin Huki\u0107, Goran Zdravkov, Ivica Jovanovski, Goran Kiprijanovski, Denis Sadikovi\u0107, Bruno Brun\u010devi\u0107, Dino \u0110urbuzovi\u0107, Niko Rai\u010dkovi\u0107\u2026<\/strong><\/p>\n<p><strong>Gjyqtar\u00ebt e futbollit: Mateo Beusan, Bruno Mari\u0107, Miroljub Ausec, Salem Proli\u0107, Van\u010do Kocev, Zdravko Joki\u0107, Boro Bezjak, Asim Kulenovi\u0107, Alija Lizde, Slobo Jankovi\u0107, Bo\u017eo \u0106orsovi\u0107, Vladimir Bo\u0161kovi\u0107, Ante Ili\u0107<\/strong><\/p>\n<p><strong>Automobilizmi: Niko Puli\u0107 dhe Marino Ivan\u010di\u0107<\/strong><\/p>\n<p><strong>Izvor: <a href=\"https:\/\/www.monitor.co.me\/\">Monitor&nbsp;<\/a>&nbsp; Autor: Mustafa Canka<\/strong><\/p>\t\t\t\t\t\t<\/div>\n\t\t\t\t<\/div>\n\t\t\t\t\t<\/div>\n\t\t\t\t<\/div>\n\t\t\t\t<\/div>","protected":false},"excerpt":{"rendered":"<p>Ulcinj je po\u010detkom ove sedmice bio glavni sportski grad Evrope. Bilo je to mjesto na kojem su se na\u0161li i dru\u017eili osvaja\u010di vi\u0161e od stotinu medalja na svjetskim, olimpijskim i evropskim takmi\u010denjima pod motom:  Samo nam je ljubav potrebna<\/p>","protected":false},"author":1,"featured_media":2330,"comment_status":"open","ping_status":"open","sticky":false,"template":"","format":"standard","meta":{"footnotes":""},"categories":[24,27],"tags":[26,25],"class_list":["post-943","post","type-post","status-publish","format-standard","has-post-thumbnail","hentry","category-mundijal-prijateljstva-ulcinj","category-pavle-pepdonovic","tag-mundijal-prijateljstva","tag-pavle-pepdonovic"],"yoast_head":"<!-- This site is optimized with the Yoast SEO plugin v24.0 - https:\/\/yoast.com\/wordpress\/plugins\/seo\/ -->\n<title>ODR\u017dAN TRE\u0106I MUNDIJAL PRIJATELJSTVA: Ulcinj ponovo okupio legende sporta - Mundijalprijateljstva-ulcinj<\/title>\n<meta name=\"robots\" content=\"index, follow, max-snippet:-1, max-image-preview:large, max-video-preview:-1\" \/>\n<link rel=\"canonical\" href=\"https:\/\/mundijalprijateljstva-ulcinj.me\/sq\/2024\/10\/25\/international-conference-on-art-business-2\/\" \/>\n<meta property=\"og:locale\" content=\"sq_AL\" \/>\n<meta property=\"og:type\" content=\"article\" \/>\n<meta property=\"og:title\" content=\"ODR\u017dAN TRE\u0106I MUNDIJAL PRIJATELJSTVA: Ulcinj ponovo okupio legende sporta - Mundijalprijateljstva-ulcinj\" \/>\n<meta property=\"og:description\" content=\"Ulcinj je po\u010detkom ove sedmice bio glavni sportski grad Evrope. Bilo je to mjesto na kojem su se na\u0161li i dru\u017eili osvaja\u010di vi\u0161e od stotinu medalja na svjetskim, olimpijskim i evropskim takmi\u010denjima pod motom: Samo nam je ljubav potrebna\" \/>\n<meta property=\"og:url\" content=\"https:\/\/mundijalprijateljstva-ulcinj.me\/sq\/2024\/10\/25\/international-conference-on-art-business-2\/\" \/>\n<meta property=\"og:site_name\" content=\"Mundijalprijateljstva-ulcinj\" \/>\n<meta property=\"article:published_time\" content=\"2024-10-25T19:12:26+00:00\" \/>\n<meta property=\"article:modified_time\" content=\"2025-01-19T09:26:26+00:00\" \/>\n<meta property=\"og:image\" content=\"https:\/\/mundijalprijateljstva-ulcinj.me\/wp-content\/uploads\/2024\/12\/IMG_4641_TIF.jpg\" \/>\n\t<meta property=\"og:image:width\" content=\"1082\" \/>\n\t<meta property=\"og:image:height\" content=\"720\" \/>\n\t<meta property=\"og:image:type\" content=\"image\/jpeg\" \/>\n<meta name=\"author\" content=\"admin\" \/>\n<meta name=\"twitter:card\" content=\"summary_large_image\" \/>\n<meta name=\"twitter:label1\" content=\"Written by\" \/>\n\t<meta name=\"twitter:data1\" content=\"admin\" \/>\n\t<meta name=\"twitter:label2\" content=\"Est. reading time\" \/>\n\t<meta name=\"twitter:data2\" content=\"7 minuta\" \/>\n<script type=\"application\/ld+json\" class=\"yoast-schema-graph\">{\"@context\":\"https:\/\/schema.org\",\"@graph\":[{\"@type\":\"Article\",\"@id\":\"https:\/\/mundijalprijateljstva-ulcinj.me\/2024\/10\/25\/international-conference-on-art-business-2\/#article\",\"isPartOf\":{\"@id\":\"https:\/\/mundijalprijateljstva-ulcinj.me\/2024\/10\/25\/international-conference-on-art-business-2\/\"},\"author\":{\"name\":\"admin\",\"@id\":\"https:\/\/mundijalprijateljstva-ulcinj.me\/#\/schema\/person\/b69efa03f90b7e9a3acc850dbc96010c\"},\"headline\":\"ODR\u017dAN TRE\u0106I MUNDIJAL PRIJATELJSTVA: Ulcinj ponovo okupio legende sporta\",\"datePublished\":\"2024-10-25T19:12:26+00:00\",\"dateModified\":\"2025-01-19T09:26:26+00:00\",\"mainEntityOfPage\":{\"@id\":\"https:\/\/mundijalprijateljstva-ulcinj.me\/2024\/10\/25\/international-conference-on-art-business-2\/\"},\"wordCount\":1222,\"commentCount\":0,\"publisher\":{\"@id\":\"https:\/\/mundijalprijateljstva-ulcinj.me\/#organization\"},\"image\":{\"@id\":\"https:\/\/mundijalprijateljstva-ulcinj.me\/2024\/10\/25\/international-conference-on-art-business-2\/#primaryimage\"},\"thumbnailUrl\":\"https:\/\/mundijalprijateljstva-ulcinj.me\/wp-content\/uploads\/2024\/12\/IMG_4641_TIF.jpg\",\"keywords\":[\"Mundijal prijateljstva\",\"Pavle Pep\u0111onovi\u0107\"],\"articleSection\":[\"Mundijal prijateljstva Ulcinj\",\"Pavle Pep\u0111onovi\u0107\"],\"inLanguage\":\"sq\",\"potentialAction\":[{\"@type\":\"CommentAction\",\"name\":\"Comment\",\"target\":[\"https:\/\/mundijalprijateljstva-ulcinj.me\/2024\/10\/25\/international-conference-on-art-business-2\/#respond\"]}]},{\"@type\":\"WebPage\",\"@id\":\"https:\/\/mundijalprijateljstva-ulcinj.me\/2024\/10\/25\/international-conference-on-art-business-2\/\",\"url\":\"https:\/\/mundijalprijateljstva-ulcinj.me\/2024\/10\/25\/international-conference-on-art-business-2\/\",\"name\":\"ODR\u017dAN TRE\u0106I MUNDIJAL PRIJATELJSTVA: Ulcinj ponovo okupio legende sporta - Mundijalprijateljstva-ulcinj\",\"isPartOf\":{\"@id\":\"https:\/\/mundijalprijateljstva-ulcinj.me\/#website\"},\"primaryImageOfPage\":{\"@id\":\"https:\/\/mundijalprijateljstva-ulcinj.me\/2024\/10\/25\/international-conference-on-art-business-2\/#primaryimage\"},\"image\":{\"@id\":\"https:\/\/mundijalprijateljstva-ulcinj.me\/2024\/10\/25\/international-conference-on-art-business-2\/#primaryimage\"},\"thumbnailUrl\":\"https:\/\/mundijalprijateljstva-ulcinj.me\/wp-content\/uploads\/2024\/12\/IMG_4641_TIF.jpg\",\"datePublished\":\"2024-10-25T19:12:26+00:00\",\"dateModified\":\"2025-01-19T09:26:26+00:00\",\"breadcrumb\":{\"@id\":\"https:\/\/mundijalprijateljstva-ulcinj.me\/2024\/10\/25\/international-conference-on-art-business-2\/#breadcrumb\"},\"inLanguage\":\"sq\",\"potentialAction\":[{\"@type\":\"ReadAction\",\"target\":[\"https:\/\/mundijalprijateljstva-ulcinj.me\/2024\/10\/25\/international-conference-on-art-business-2\/\"]}]},{\"@type\":\"ImageObject\",\"inLanguage\":\"sq\",\"@id\":\"https:\/\/mundijalprijateljstva-ulcinj.me\/2024\/10\/25\/international-conference-on-art-business-2\/#primaryimage\",\"url\":\"https:\/\/mundijalprijateljstva-ulcinj.me\/wp-content\/uploads\/2024\/12\/IMG_4641_TIF.jpg\",\"contentUrl\":\"https:\/\/mundijalprijateljstva-ulcinj.me\/wp-content\/uploads\/2024\/12\/IMG_4641_TIF.jpg\",\"width\":1082,\"height\":720},{\"@type\":\"BreadcrumbList\",\"@id\":\"https:\/\/mundijalprijateljstva-ulcinj.me\/2024\/10\/25\/international-conference-on-art-business-2\/#breadcrumb\",\"itemListElement\":[{\"@type\":\"ListItem\",\"position\":1,\"name\":\"Home\",\"item\":\"https:\/\/mundijalprijateljstva-ulcinj.me\/\"},{\"@type\":\"ListItem\",\"position\":2,\"name\":\"ODR\u017dAN TRE\u0106I MUNDIJAL PRIJATELJSTVA: Ulcinj ponovo okupio legende sporta\"}]},{\"@type\":\"WebSite\",\"@id\":\"https:\/\/mundijalprijateljstva-ulcinj.me\/#website\",\"url\":\"https:\/\/mundijalprijateljstva-ulcinj.me\/\",\"name\":\"Mundijalprijateljstva-ulcinj\",\"description\":\"mundijalprijateljstva-ulcinj\",\"publisher\":{\"@id\":\"https:\/\/mundijalprijateljstva-ulcinj.me\/#organization\"},\"potentialAction\":[{\"@type\":\"SearchAction\",\"target\":{\"@type\":\"EntryPoint\",\"urlTemplate\":\"https:\/\/mundijalprijateljstva-ulcinj.me\/?s={search_term_string}\"},\"query-input\":{\"@type\":\"PropertyValueSpecification\",\"valueRequired\":true,\"valueName\":\"search_term_string\"}}],\"inLanguage\":\"sq\"},{\"@type\":\"Organization\",\"@id\":\"https:\/\/mundijalprijateljstva-ulcinj.me\/#organization\",\"name\":\"Mundijalprijateljstva-ulcinj\",\"url\":\"https:\/\/mundijalprijateljstva-ulcinj.me\/\",\"logo\":{\"@type\":\"ImageObject\",\"inLanguage\":\"sq\",\"@id\":\"https:\/\/mundijalprijateljstva-ulcinj.me\/#\/schema\/logo\/image\/\",\"url\":\"https:\/\/mundijalprijateljstva-ulcinj.me\/wp-content\/uploads\/2024\/12\/150x150.png\",\"contentUrl\":\"https:\/\/mundijalprijateljstva-ulcinj.me\/wp-content\/uploads\/2024\/12\/150x150.png\",\"width\":150,\"height\":150,\"caption\":\"Mundijalprijateljstva-ulcinj\"},\"image\":{\"@id\":\"https:\/\/mundijalprijateljstva-ulcinj.me\/#\/schema\/logo\/image\/\"}},{\"@type\":\"Person\",\"@id\":\"https:\/\/mundijalprijateljstva-ulcinj.me\/#\/schema\/person\/b69efa03f90b7e9a3acc850dbc96010c\",\"name\":\"admin\",\"image\":{\"@type\":\"ImageObject\",\"inLanguage\":\"sq\",\"@id\":\"https:\/\/mundijalprijateljstva-ulcinj.me\/#\/schema\/person\/image\/\",\"url\":\"https:\/\/secure.gravatar.com\/avatar\/4e0326cbe9aea42b6c008ddfd4f14b729156898b3d16705ca1a00901f2ca72a5?s=96&d=mm&r=g\",\"contentUrl\":\"https:\/\/secure.gravatar.com\/avatar\/4e0326cbe9aea42b6c008ddfd4f14b729156898b3d16705ca1a00901f2ca72a5?s=96&d=mm&r=g\",\"caption\":\"admin\"},\"sameAs\":[\"https:\/\/mundijalprijateljstva-ulcinj.me\"],\"url\":\"https:\/\/mundijalprijateljstva-ulcinj.me\/sq\/author\/admin\/\"}]}<\/script>\n<!-- \/ Yoast SEO plugin. -->","yoast_head_json":{"title":"ODR\u017dAN TRE\u0106I MUNDIJAL PRIJATELJSTVA: Ulcinj ponovo okupio legende sporta - Mundijalprijateljstva-ulcinj","robots":{"index":"index","follow":"follow","max-snippet":"max-snippet:-1","max-image-preview":"max-image-preview:large","max-video-preview":"max-video-preview:-1"},"canonical":"https:\/\/mundijalprijateljstva-ulcinj.me\/sq\/2024\/10\/25\/international-conference-on-art-business-2\/","og_locale":"sq_AL","og_type":"article","og_title":"ODR\u017dAN TRE\u0106I MUNDIJAL PRIJATELJSTVA: Ulcinj ponovo okupio legende sporta - Mundijalprijateljstva-ulcinj","og_description":"Ulcinj je po\u010detkom ove sedmice bio glavni sportski grad Evrope. Bilo je to mjesto na kojem su se na\u0161li i dru\u017eili osvaja\u010di vi\u0161e od stotinu medalja na svjetskim, olimpijskim i evropskim takmi\u010denjima pod motom: Samo nam je ljubav potrebna","og_url":"https:\/\/mundijalprijateljstva-ulcinj.me\/sq\/2024\/10\/25\/international-conference-on-art-business-2\/","og_site_name":"Mundijalprijateljstva-ulcinj","article_published_time":"2024-10-25T19:12:26+00:00","article_modified_time":"2025-01-19T09:26:26+00:00","og_image":[{"width":1082,"height":720,"url":"https:\/\/mundijalprijateljstva-ulcinj.me\/wp-content\/uploads\/2024\/12\/IMG_4641_TIF.jpg","type":"image\/jpeg"}],"author":"admin","twitter_card":"summary_large_image","twitter_misc":{"Written by":"admin","Est. reading time":"7 minuta"},"schema":{"@context":"https:\/\/schema.org","@graph":[{"@type":"Article","@id":"https:\/\/mundijalprijateljstva-ulcinj.me\/2024\/10\/25\/international-conference-on-art-business-2\/#article","isPartOf":{"@id":"https:\/\/mundijalprijateljstva-ulcinj.me\/2024\/10\/25\/international-conference-on-art-business-2\/"},"author":{"name":"admin","@id":"https:\/\/mundijalprijateljstva-ulcinj.me\/#\/schema\/person\/b69efa03f90b7e9a3acc850dbc96010c"},"headline":"ODR\u017dAN TRE\u0106I MUNDIJAL PRIJATELJSTVA: Ulcinj ponovo okupio legende sporta","datePublished":"2024-10-25T19:12:26+00:00","dateModified":"2025-01-19T09:26:26+00:00","mainEntityOfPage":{"@id":"https:\/\/mundijalprijateljstva-ulcinj.me\/2024\/10\/25\/international-conference-on-art-business-2\/"},"wordCount":1222,"commentCount":0,"publisher":{"@id":"https:\/\/mundijalprijateljstva-ulcinj.me\/#organization"},"image":{"@id":"https:\/\/mundijalprijateljstva-ulcinj.me\/2024\/10\/25\/international-conference-on-art-business-2\/#primaryimage"},"thumbnailUrl":"https:\/\/mundijalprijateljstva-ulcinj.me\/wp-content\/uploads\/2024\/12\/IMG_4641_TIF.jpg","keywords":["Mundijal prijateljstva","Pavle Pep\u0111onovi\u0107"],"articleSection":["Mundijal prijateljstva Ulcinj","Pavle Pep\u0111onovi\u0107"],"inLanguage":"sq","potentialAction":[{"@type":"CommentAction","name":"Comment","target":["https:\/\/mundijalprijateljstva-ulcinj.me\/2024\/10\/25\/international-conference-on-art-business-2\/#respond"]}]},{"@type":"WebPage","@id":"https:\/\/mundijalprijateljstva-ulcinj.me\/2024\/10\/25\/international-conference-on-art-business-2\/","url":"https:\/\/mundijalprijateljstva-ulcinj.me\/2024\/10\/25\/international-conference-on-art-business-2\/","name":"ODR\u017dAN TRE\u0106I MUNDIJAL PRIJATELJSTVA: Ulcinj ponovo okupio legende sporta - Mundijalprijateljstva-ulcinj","isPartOf":{"@id":"https:\/\/mundijalprijateljstva-ulcinj.me\/#website"},"primaryImageOfPage":{"@id":"https:\/\/mundijalprijateljstva-ulcinj.me\/2024\/10\/25\/international-conference-on-art-business-2\/#primaryimage"},"image":{"@id":"https:\/\/mundijalprijateljstva-ulcinj.me\/2024\/10\/25\/international-conference-on-art-business-2\/#primaryimage"},"thumbnailUrl":"https:\/\/mundijalprijateljstva-ulcinj.me\/wp-content\/uploads\/2024\/12\/IMG_4641_TIF.jpg","datePublished":"2024-10-25T19:12:26+00:00","dateModified":"2025-01-19T09:26:26+00:00","breadcrumb":{"@id":"https:\/\/mundijalprijateljstva-ulcinj.me\/2024\/10\/25\/international-conference-on-art-business-2\/#breadcrumb"},"inLanguage":"sq","potentialAction":[{"@type":"ReadAction","target":["https:\/\/mundijalprijateljstva-ulcinj.me\/2024\/10\/25\/international-conference-on-art-business-2\/"]}]},{"@type":"ImageObject","inLanguage":"sq","@id":"https:\/\/mundijalprijateljstva-ulcinj.me\/2024\/10\/25\/international-conference-on-art-business-2\/#primaryimage","url":"https:\/\/mundijalprijateljstva-ulcinj.me\/wp-content\/uploads\/2024\/12\/IMG_4641_TIF.jpg","contentUrl":"https:\/\/mundijalprijateljstva-ulcinj.me\/wp-content\/uploads\/2024\/12\/IMG_4641_TIF.jpg","width":1082,"height":720},{"@type":"BreadcrumbList","@id":"https:\/\/mundijalprijateljstva-ulcinj.me\/2024\/10\/25\/international-conference-on-art-business-2\/#breadcrumb","itemListElement":[{"@type":"ListItem","position":1,"name":"Home","item":"https:\/\/mundijalprijateljstva-ulcinj.me\/"},{"@type":"ListItem","position":2,"name":"ODR\u017dAN TRE\u0106I MUNDIJAL PRIJATELJSTVA: Ulcinj ponovo okupio legende sporta"}]},{"@type":"WebSite","@id":"https:\/\/mundijalprijateljstva-ulcinj.me\/#website","url":"https:\/\/mundijalprijateljstva-ulcinj.me\/","name":"Mundijalprijateljstva-ulcinj","description":"mundijalprijateljstva-ulcinj","publisher":{"@id":"https:\/\/mundijalprijateljstva-ulcinj.me\/#organization"},"potentialAction":[{"@type":"SearchAction","target":{"@type":"EntryPoint","urlTemplate":"https:\/\/mundijalprijateljstva-ulcinj.me\/?s={search_term_string}"},"query-input":{"@type":"PropertyValueSpecification","valueRequired":true,"valueName":"search_term_string"}}],"inLanguage":"sq"},{"@type":"Organization","@id":"https:\/\/mundijalprijateljstva-ulcinj.me\/#organization","name":"Mundijalprijateljstva-ulcinj","url":"https:\/\/mundijalprijateljstva-ulcinj.me\/","logo":{"@type":"ImageObject","inLanguage":"sq","@id":"https:\/\/mundijalprijateljstva-ulcinj.me\/#\/schema\/logo\/image\/","url":"https:\/\/mundijalprijateljstva-ulcinj.me\/wp-content\/uploads\/2024\/12\/150x150.png","contentUrl":"https:\/\/mundijalprijateljstva-ulcinj.me\/wp-content\/uploads\/2024\/12\/150x150.png","width":150,"height":150,"caption":"Mundijalprijateljstva-ulcinj"},"image":{"@id":"https:\/\/mundijalprijateljstva-ulcinj.me\/#\/schema\/logo\/image\/"}},{"@type":"Person","@id":"https:\/\/mundijalprijateljstva-ulcinj.me\/#\/schema\/person\/b69efa03f90b7e9a3acc850dbc96010c","name":"admin","image":{"@type":"ImageObject","inLanguage":"sq","@id":"https:\/\/mundijalprijateljstva-ulcinj.me\/#\/schema\/person\/image\/","url":"https:\/\/secure.gravatar.com\/avatar\/4e0326cbe9aea42b6c008ddfd4f14b729156898b3d16705ca1a00901f2ca72a5?s=96&d=mm&r=g","contentUrl":"https:\/\/secure.gravatar.com\/avatar\/4e0326cbe9aea42b6c008ddfd4f14b729156898b3d16705ca1a00901f2ca72a5?s=96&d=mm&r=g","caption":"admin"},"sameAs":["https:\/\/mundijalprijateljstva-ulcinj.me"],"url":"https:\/\/mundijalprijateljstva-ulcinj.me\/sq\/author\/admin\/"}]}},"jetpack_featured_media_url":"https:\/\/mundijalprijateljstva-ulcinj.me\/wp-content\/uploads\/2024\/12\/IMG_4641_TIF.jpg","_links":{"self":[{"href":"https:\/\/mundijalprijateljstva-ulcinj.me\/sq\/wp-json\/wp\/v2\/posts\/943","targetHints":{"allow":["GET"]}}],"collection":[{"href":"https:\/\/mundijalprijateljstva-ulcinj.me\/sq\/wp-json\/wp\/v2\/posts"}],"about":[{"href":"https:\/\/mundijalprijateljstva-ulcinj.me\/sq\/wp-json\/wp\/v2\/types\/post"}],"author":[{"embeddable":true,"href":"https:\/\/mundijalprijateljstva-ulcinj.me\/sq\/wp-json\/wp\/v2\/users\/1"}],"replies":[{"embeddable":true,"href":"https:\/\/mundijalprijateljstva-ulcinj.me\/sq\/wp-json\/wp\/v2\/comments?post=943"}],"version-history":[{"count":0,"href":"https:\/\/mundijalprijateljstva-ulcinj.me\/sq\/wp-json\/wp\/v2\/posts\/943\/revisions"}],"wp:featuredmedia":[{"embeddable":true,"href":"https:\/\/mundijalprijateljstva-ulcinj.me\/sq\/wp-json\/wp\/v2\/media\/2330"}],"wp:attachment":[{"href":"https:\/\/mundijalprijateljstva-ulcinj.me\/sq\/wp-json\/wp\/v2\/media?parent=943"}],"wp:term":[{"taxonomy":"category","embeddable":true,"href":"https:\/\/mundijalprijateljstva-ulcinj.me\/sq\/wp-json\/wp\/v2\/categories?post=943"},{"taxonomy":"post_tag","embeddable":true,"href":"https:\/\/mundijalprijateljstva-ulcinj.me\/sq\/wp-json\/wp\/v2\/tags?post=943"}],"curies":[{"name":"wp","href":"https:\/\/api.w.org\/{rel}","templated":true}]}}